{"id":7415,"date":"2016-02-21T18:49:22","date_gmt":"2016-02-21T16:49:22","guid":{"rendered":"http:\/\/www.bastelesel.de\/?p=7415"},"modified":"2016-02-21T18:49:22","modified_gmt":"2016-02-21T16:49:22","slug":"abstinenz","status":"publish","type":"post","link":"https:\/\/www.bastelesel.de\/fr\/abstinenz\/","title":{"rendered":"Abstinence"},"content":{"rendered":"<p><a href=\"http:\/\/www.bastelesel.de\/abstinenz\/20160221_163255\/\" rel=\"attachment wp-att-7416\"><img decoding=\"async\" loading=\"lazy\" class=\"alignnone size-full wp-image-7416\" src=\"http:\/\/www.bastelesel.de\/wp-content\/uploads\/2016\/02\/20160221_163255.jpg\" alt=\"20160221_163255\" height=\"450\" width=\"800\" srcset=\"https:\/\/www.bastelesel.de\/wp-content\/uploads\/2016\/02\/20160221_163255.jpg 800w, https:\/\/www.bastelesel.de\/wp-content\/uploads\/2016\/02\/20160221_163255-400x225.jpg 400w, https:\/\/www.bastelesel.de\/wp-content\/uploads\/2016\/02\/20160221_163255-768x432.jpg 768w\" sizes=\"(max-width: 800px) 100vw, 800px\" \/><\/a><\/p>\n<p>Le car\u00eame, du mauvais temps, un refroidissement affreux et en plus mon portable est tomb\u00e9 en panne. Si ce n&rsquo;est pas une bonne raison pour se f\u00e2cher je ne sais pas quoi donc. Mes activit\u00e9s d&rsquo;internaute seront donc tr\u00e8s r\u00e9duites pour les jours \u00e0 venir. Mon portable est d\u00e9j\u00e0 tomb\u00e9 en panne le mardi soir, juste au milieu de mon dernier post. Le mercredi il me demandait d&rsquo;ins\u00e9rer mon windows CD pour recommencer. Il faut savoir que lors de l&rsquo;achat de l&rsquo;appareil il n&rsquo;y avait pas de CD avec car la plupart des programmes furent d\u00e9j\u00e0 install\u00e9s. Bien, on aurait pu se pr\u00eater le disc du fils ou du mari mais ou l&rsquo;ins\u00e9rer si l&rsquo;appareil ne dispose m\u00eame pas d&rsquo;une case de CD? Pire encore, si le sp\u00e9cialiste de l&rsquo;autre bout de la hot-line insiste que selon la description du mod\u00e8le il devrait y avoir une. Je le savais mieux mais je le tournai plusieurs fois pour m&rsquo;assurer n\u00e9anmoins. Finalement \u00e7a n&rsquo;a plus d&rsquo;importance car l&rsquo;installation du logiciel via USB stick a \u00e9chou\u00e9 aussi. Alors le portable se trouve en route maintenant direction atelier de r\u00e9paration. Je vous tiendrai au courant des progr\u00e8s.<\/p>\n<p>&nbsp;<\/p>\n<p>&nbsp;<\/p>","protected":false},"excerpt":{"rendered":"<p>Le car\u00eame, du mauvais temps, un refroidissement affreux et en plus mon portable est tomb\u00e9 en panne. Si ce n&rsquo;est pas une bonne raison pour se f\u00e2cher je ne sais pas quoi donc. Mes activit\u00e9s d&rsquo;internaute seront donc tr\u00e8s r\u00e9duites pour les jours \u00e0 venir. Mon portable est d\u00e9j\u00e0 tomb\u00e9 en panne le mardi soir, [&hellip;]<\/p>\n","protected":false},"author":1,"featured_media":0,"comment_status":"open","ping_status":"open","sticky":false,"template":"","format":"standard","meta":{"ngg_post_thumbnail":0},"categories":[1],"tags":[],"_links":{"self":[{"href":"https:\/\/www.bastelesel.de\/fr\/wp-json\/wp\/v2\/posts\/7415"}],"collection":[{"href":"https:\/\/www.bastelesel.de\/fr\/wp-json\/wp\/v2\/posts"}],"about":[{"href":"https:\/\/www.bastelesel.de\/fr\/wp-json\/wp\/v2\/types\/post"}],"author":[{"embeddable":true,"href":"https:\/\/www.bastelesel.de\/fr\/wp-json\/wp\/v2\/users\/1"}],"replies":[{"embeddable":true,"href":"https:\/\/www.bastelesel.de\/fr\/wp-json\/wp\/v2\/comments?post=7415"}],"version-history":[{"count":4,"href":"https:\/\/www.bastelesel.de\/fr\/wp-json\/wp\/v2\/posts\/7415\/revisions"}],"predecessor-version":[{"id":7421,"href":"https:\/\/www.bastelesel.de\/fr\/wp-json\/wp\/v2\/posts\/7415\/revisions\/7421"}],"wp:attachment":[{"href":"https:\/\/www.bastelesel.de\/fr\/wp-json\/wp\/v2\/media?parent=7415"}],"wp:term":[{"taxonomy":"category","embeddable":true,"href":"https:\/\/www.bastelesel.de\/fr\/wp-json\/wp\/v2\/categories?post=7415"},{"taxonomy":"post_tag","embeddable":true,"href":"https:\/\/www.bastelesel.de\/fr\/wp-json\/wp\/v2\/tags?post=7415"}],"curies":[{"name":"wp","href":"https:\/\/api.w.org\/{rel}","templated":true}]}}