{"id":6988,"date":"2015-11-28T23:34:24","date_gmt":"2015-11-28T21:34:24","guid":{"rendered":"http:\/\/www.bastelesel.de\/?p=6988"},"modified":"2015-11-28T23:34:24","modified_gmt":"2015-11-28T21:34:24","slug":"letzter-adventskalender","status":"publish","type":"post","link":"https:\/\/www.bastelesel.de\/fr\/letzter-adventskalender\/","title":{"rendered":"Le dernier calendrier de l&rsquo;avent"},"content":{"rendered":"<p><a href=\"http:\/\/www.bastelesel.de\/letzter-adventskalender\/adventskalender2015-9\/\" rel=\"attachment wp-att-6991\"><img decoding=\"async\" loading=\"lazy\" class=\"alignnone size-full wp-image-6991\" alt=\"Adventskalender2015-9\" src=\"http:\/\/www.bastelesel.de\/wp-content\/uploads\/2015\/11\/Adventskalender2015-9.png\" height=\"600\" width=\"800\" srcset=\"https:\/\/www.bastelesel.de\/wp-content\/uploads\/2015\/11\/Adventskalender2015-9.png 800w, https:\/\/www.bastelesel.de\/wp-content\/uploads\/2015\/11\/Adventskalender2015-9-400x300.png 400w\" sizes=\"(max-width: 800px) 100vw, 800px\" \/><\/a><\/p>\n<p>Il n&rsquo;y a que peu de jours jusqu&rsquo;au premier D\u00e9cembre mais c&rsquo;est encore assez de temps pour pr\u00e9parer ce calendrier de l&rsquo;avent facile qui en plus n&rsquo;a pas besoin de beaucoup d&rsquo;espace. On peut m\u00eame le d\u00e9placer si n\u00e9cessaire. Des pr\u00e9sentoirs \u00e0 g\u00e2teaux se trouvent partout mais c&rsquo;est plus jolie de les faire soit m\u00eame. J&rsquo;ai choisi deux \u00e9toiles en bois de taille diff\u00e9rente reli\u00e9es d&rsquo;une barre ronde. Elle est attach\u00e9e au fond de l&rsquo;\u00e9toile de base par une simple vis qui est perc\u00e9e \u00e0 travers du fond de l&rsquo;\u00e9toile. Il faut d&rsquo;abord percer un trou au centre du fond de l&rsquo;etoile et de la barre. Faites-le \u00e0 l&rsquo;aide d&rsquo;une chignole. Percez un trou dans le fond de l&rsquo;\u00e9toile sup\u00e9rieure de la taille du diam\u00e8tre de la barre. Poussez la barre au travers du trou de la fa\u00e7on qu&rsquo;elle d\u00e9passe l&rsquo;\u00e9toile de 10cm environ. D\u00e9corez la pointe d&rsquo;une \u00e9toile de No\u00ebl et de rubans satin\u00e9s. Allant avec la couleur des \u00e9toiles j&rsquo;ai envelopp\u00e9 mes petits cadeaux dans du papier kraft et la couleur des petites boules de No\u00ebl rouges rep\u00e8te celle des \u00e9lans. Pour les cadeaux choisissez des sucreries, des \u00e9chantillons de produits d&rsquo;hygi\u00e8ne, des produits de maquillage, des billets de loterie et d&rsquo;autres petits bons d&rsquo;achats.<\/p>\n<p>\u00a0<\/p>","protected":false},"excerpt":{"rendered":"<p>Il n&rsquo;y a que peu de jours jusqu&rsquo;au premier D\u00e9cembre mais c&rsquo;est encore assez de temps pour pr\u00e9parer ce calendrier de l&rsquo;avent facile qui en plus n&rsquo;a pas besoin de beaucoup d&rsquo;espace. On peut m\u00eame le d\u00e9placer si n\u00e9cessaire. Des pr\u00e9sentoirs \u00e0 g\u00e2teaux se trouvent partout mais c&rsquo;est plus jolie de les faire soit m\u00eame. [&hellip;]<\/p>\n","protected":false},"author":1,"featured_media":0,"comment_status":"open","ping_status":"open","sticky":false,"template":"","format":"standard","meta":{"ngg_post_thumbnail":0},"categories":[10],"tags":[],"_links":{"self":[{"href":"https:\/\/www.bastelesel.de\/fr\/wp-json\/wp\/v2\/posts\/6988"}],"collection":[{"href":"https:\/\/www.bastelesel.de\/fr\/wp-json\/wp\/v2\/posts"}],"about":[{"href":"https:\/\/www.bastelesel.de\/fr\/wp-json\/wp\/v2\/types\/post"}],"author":[{"embeddable":true,"href":"https:\/\/www.bastelesel.de\/fr\/wp-json\/wp\/v2\/users\/1"}],"replies":[{"embeddable":true,"href":"https:\/\/www.bastelesel.de\/fr\/wp-json\/wp\/v2\/comments?post=6988"}],"version-history":[{"count":7,"href":"https:\/\/www.bastelesel.de\/fr\/wp-json\/wp\/v2\/posts\/6988\/revisions"}],"predecessor-version":[{"id":6999,"href":"https:\/\/www.bastelesel.de\/fr\/wp-json\/wp\/v2\/posts\/6988\/revisions\/6999"}],"wp:attachment":[{"href":"https:\/\/www.bastelesel.de\/fr\/wp-json\/wp\/v2\/media?parent=6988"}],"wp:term":[{"taxonomy":"category","embeddable":true,"href":"https:\/\/www.bastelesel.de\/fr\/wp-json\/wp\/v2\/categories?post=6988"},{"taxonomy":"post_tag","embeddable":true,"href":"https:\/\/www.bastelesel.de\/fr\/wp-json\/wp\/v2\/tags?post=6988"}],"curies":[{"name":"wp","href":"https:\/\/api.w.org\/{rel}","templated":true}]}}