{"id":6787,"date":"2015-09-25T21:13:55","date_gmt":"2015-09-25T19:13:55","guid":{"rendered":"http:\/\/www.bastelesel.de\/?p=6787"},"modified":"2015-09-25T21:13:55","modified_gmt":"2015-09-25T19:13:55","slug":"schwarz-weiss-gebaeck","status":"publish","type":"post","link":"https:\/\/www.bastelesel.de\/fr\/schwarz-weiss-gebaeck\/","title":{"rendered":"Biscuits damiers"},"content":{"rendered":"<p><a href=\"http:\/\/www.bastelesel.de\/schwarz-weiss-gebaeck\/blackandwhite1\/\" rel=\"attachment wp-att-6788\"><img decoding=\"async\" loading=\"lazy\" class=\"alignnone size-full wp-image-6788\" alt=\"Blackandwhite1\" src=\"http:\/\/www.bastelesel.de\/wp-content\/uploads\/2015\/09\/Blackandwhite1.png\" height=\"600\" width=\"800\" srcset=\"https:\/\/www.bastelesel.de\/wp-content\/uploads\/2015\/09\/Blackandwhite1.png 800w, https:\/\/www.bastelesel.de\/wp-content\/uploads\/2015\/09\/Blackandwhite1-400x300.png 400w\" sizes=\"(max-width: 800px) 100vw, 800px\" \/><\/a><\/p>\n<p>Des b\u00e2tons cordel\u00e9s d\u00e9licieux mi-chocolat. Une p\u00e2te sabl\u00e9e dont une moiti\u00e9 est color\u00e9e de cacao. Les deux sortes de p\u00e2tes sont d\u00e9roul\u00e9es et pos\u00e9es l&rsquo;une sur l&rsquo;autre. Pour augmenter l&rsquo;adh\u00e9rence on peut disperser du blanc d&rsquo;\u0153uf sur une des p\u00e2tes. Moi, j&rsquo;ai choisi de la confiture de framboises pour les lier.<\/p>\n<p><a href=\"http:\/\/www.bastelesel.de\/schwarz-weiss-gebaeck\/blackandwhite2\/\" rel=\"attachment wp-att-6789\"><img decoding=\"async\" loading=\"lazy\" class=\"alignnone size-full wp-image-6789\" alt=\"Blackandwhite2\" src=\"http:\/\/www.bastelesel.de\/wp-content\/uploads\/2015\/09\/Blackandwhite2.png\" height=\"240\" width=\"600\" srcset=\"https:\/\/www.bastelesel.de\/wp-content\/uploads\/2015\/09\/Blackandwhite2.png 600w, https:\/\/www.bastelesel.de\/wp-content\/uploads\/2015\/09\/Blackandwhite2-400x160.png 400w\" sizes=\"(max-width: 600px) 100vw, 600px\" \/><\/a><\/p>\n<p>Coupez la p\u00e2te en bandes de 2 x 12 cm.<\/p>\n<p><a href=\"http:\/\/www.bastelesel.de\/schwarz-weiss-gebaeck\/blackandwhite3\/\" rel=\"attachment wp-att-6790\"><img decoding=\"async\" loading=\"lazy\" class=\"alignnone size-full wp-image-6790\" alt=\"Blackandwhite3\" src=\"http:\/\/www.bastelesel.de\/wp-content\/uploads\/2015\/09\/Blackandwhite3.png\" height=\"240\" width=\"600\" srcset=\"https:\/\/www.bastelesel.de\/wp-content\/uploads\/2015\/09\/Blackandwhite3.png 600w, https:\/\/www.bastelesel.de\/wp-content\/uploads\/2015\/09\/Blackandwhite3-400x160.png 400w\" sizes=\"(max-width: 600px) 100vw, 600px\" \/><\/a><\/p>\n<p>Prenez les bandes aux bouts et tordez-les en sense inverse. Mettez-les sur une plaque du four et faites-les cuire \u00e0 180\u00b0C pour 15-20 minutes. Laissez-les refroidir sur une grille et conservez-les dans une bo\u00eete \u00e0 g\u00e2teaux en aluminium pour plusieurs jours.<\/p>\n<p><a href=\"http:\/\/www.bastelesel.de\/suesse-igel\/schwarz-weiss1\/\" rel=\"attachment wp-att-6765\"><img decoding=\"async\" loading=\"lazy\" class=\"alignnone size-full wp-image-6765\" alt=\"Schwarz-Weiss1\" src=\"http:\/\/www.bastelesel.de\/wp-content\/uploads\/2015\/09\/Schwarz-Weiss1.png\" height=\"240\" width=\"600\" srcset=\"https:\/\/www.bastelesel.de\/wp-content\/uploads\/2015\/09\/Schwarz-Weiss1.png 600w, https:\/\/www.bastelesel.de\/wp-content\/uploads\/2015\/09\/Schwarz-Weiss1-400x160.png 400w\" sizes=\"(max-width: 600px) 100vw, 600px\" \/><\/a><\/p>\n<p><strong>P\u00e2te:<\/strong><br \/>\n250 g farine<br \/>\n1 c\u00e0c de levure chimique<br \/>\n150 g sucre<br \/>\n1 sachet de sucre vanill\u00e9<br \/>\n1 prise de sel<br \/>\n1 \u0153uf M<br \/>\n125 g de beurre souple<br \/>\n15g cacao<br \/>\n15g sucre<br \/>\n1 c\u00e0s de lait<\/p>\n<p>M\u00e9langez la farine et la levure chimique et rajoutez les autres ingr\u00e9dients sauf le cacao, les 15g de sucre et let lait. Divisez la p\u00e2te en deux et rajoutez cacao, sucre et lait \u00e0 une partie. P\u00e9trissez jusqu&rsquo;\u00e0 l&rsquo;obtention d&rsquo;une p\u00e2te lisse. Enveloppez les deux p\u00e2tes dans un film alimentaire et laissez-les reposer dans le refrig\u00e9rateur pour une demi heure. D\u00e9roulez-les\u00a0 et continuez comme d\u00e9crit plus haut.<\/p>","protected":false},"excerpt":{"rendered":"<p>Des b\u00e2tons cordel\u00e9s d\u00e9licieux mi-chocolat. Une p\u00e2te sabl\u00e9e dont une moiti\u00e9 est color\u00e9e de cacao. Les deux sortes de p\u00e2tes sont d\u00e9roul\u00e9es et pos\u00e9es l&rsquo;une sur l&rsquo;autre. Pour augmenter l&rsquo;adh\u00e9rence on peut disperser du blanc d&rsquo;\u0153uf sur une des p\u00e2tes. Moi, j&rsquo;ai choisi de la confiture de framboises pour les lier. Coupez la p\u00e2te en [&hellip;]<\/p>\n","protected":false},"author":1,"featured_media":0,"comment_status":"open","ping_status":"open","sticky":false,"template":"","format":"standard","meta":{"ngg_post_thumbnail":0},"categories":[1],"tags":[],"_links":{"self":[{"href":"https:\/\/www.bastelesel.de\/fr\/wp-json\/wp\/v2\/posts\/6787"}],"collection":[{"href":"https:\/\/www.bastelesel.de\/fr\/wp-json\/wp\/v2\/posts"}],"about":[{"href":"https:\/\/www.bastelesel.de\/fr\/wp-json\/wp\/v2\/types\/post"}],"author":[{"embeddable":true,"href":"https:\/\/www.bastelesel.de\/fr\/wp-json\/wp\/v2\/users\/1"}],"replies":[{"embeddable":true,"href":"https:\/\/www.bastelesel.de\/fr\/wp-json\/wp\/v2\/comments?post=6787"}],"version-history":[{"count":9,"href":"https:\/\/www.bastelesel.de\/fr\/wp-json\/wp\/v2\/posts\/6787\/revisions"}],"predecessor-version":[{"id":6801,"href":"https:\/\/www.bastelesel.de\/fr\/wp-json\/wp\/v2\/posts\/6787\/revisions\/6801"}],"wp:attachment":[{"href":"https:\/\/www.bastelesel.de\/fr\/wp-json\/wp\/v2\/media?parent=6787"}],"wp:term":[{"taxonomy":"category","embeddable":true,"href":"https:\/\/www.bastelesel.de\/fr\/wp-json\/wp\/v2\/categories?post=6787"},{"taxonomy":"post_tag","embeddable":true,"href":"https:\/\/www.bastelesel.de\/fr\/wp-json\/wp\/v2\/tags?post=6787"}],"curies":[{"name":"wp","href":"https:\/\/api.w.org\/{rel}","templated":true}]}}