{"id":6280,"date":"2015-05-03T20:00:59","date_gmt":"2015-05-03T18:00:59","guid":{"rendered":"http:\/\/www.bastelesel.de\/?p=6280"},"modified":"2015-05-03T20:15:13","modified_gmt":"2015-05-03T18:15:13","slug":"erdbeerrosen-zum-muttertag","status":"publish","type":"post","link":"https:\/\/www.bastelesel.de\/fr\/erdbeerrosen-zum-muttertag\/","title":{"rendered":"Rose de fraise pour la f\u00eate des M\u00e8res"},"content":{"rendered":"<p><a href=\"http:\/\/www.bastelesel.de\/erdbeerrosen-zum-muttertag\/muttertag6\/\" rel=\"attachment wp-att-6351\"><img decoding=\"async\" loading=\"lazy\" class=\"alignnone size-full wp-image-6351\" alt=\"Muttertag6\" src=\"http:\/\/www.bastelesel.de\/wp-content\/uploads\/2015\/05\/Muttertag6.png\" height=\"600\" width=\"800\" srcset=\"https:\/\/www.bastelesel.de\/wp-content\/uploads\/2015\/05\/Muttertag6.png 800w, https:\/\/www.bastelesel.de\/wp-content\/uploads\/2015\/05\/Muttertag6-400x300.png 400w\" sizes=\"(max-width: 800px) 100vw, 800px\" \/><\/a><\/p>\n<p>Il ne reste qu&rsquo;une semaine et nous c\u00e9l\u00e9brerons la F\u00eate des M\u00e8res. La plupart des m\u00e8res n&rsquo;attend pas de cadeau mais souhaite passer une belle journ\u00e9e en famille.<br \/>\nQue pensez-vous alors d&rsquo;un bouquet de roses un peu sp\u00e9cial pour le petit d\u00e9jeuner? Il ne faut qu&rsquo;acheter des fraises de taille moyenne la veille. A l&rsquo;aide d&rsquo;un couteau tr\u00e8s aigu on coupe des p\u00e9tales dans les fraises pour obtenir une fleur de rose.\u00a0 J&rsquo;ai trouv\u00e9 une instruction tr\u00e8s d\u00e9taill\u00e9e sure le site de <a href=\"http:\/\/onelittleproject.com\/how-to-make-a-strawberry-rose\/\" target=\"_blank\">onelittleproject.com<\/a>. Ces fleurs se mettent tr\u00e8s bien dans un petit vase.<\/p>\n<p style=\"text-align: center;\"><a href=\"http:\/\/www.bastelesel.de\/erdbeerrosen-zum-muttertag\/muttertag3\/\" rel=\"attachment wp-att-6346\"><img decoding=\"async\" loading=\"lazy\" class=\"size-full wp-image-6346 aligncenter\" alt=\"Muttertag3\" src=\"http:\/\/www.bastelesel.de\/wp-content\/uploads\/2015\/05\/Muttertag3.png\" height=\"225\" width=\"300\"><\/a><\/p>\n<p>Une possibilit\u00e9 alternative est de mettre les fleurs dans une caissette de mini cupcake et de la placer sur l&rsquo;assiette de maman. Rajoutez un petit n\u0153ud et une banderole et voil\u00e1 votre table est bien d\u00e9cor\u00e9e.<\/p>\n<p style=\"text-align: center;\"><a href=\"http:\/\/www.bastelesel.de\/erdbeerrosen-zum-muttertag\/muttertag4\/\" rel=\"attachment wp-att-6347\"><img decoding=\"async\" loading=\"lazy\" class=\"size-full wp-image-6347 aligncenter\" alt=\"Muttertag4\" src=\"http:\/\/www.bastelesel.de\/wp-content\/uploads\/2015\/05\/Muttertag4.png\" height=\"225\" width=\"300\"><\/a><\/p>\n<p>Si vous voulez un peu plus rajoutez un petit sac \u00e0 main en papier contenant une petite praline. Un gabarit gratuit se trouve <a href=\"http:\/\/www.bastelesel.de\/wp-content\/uploads\/2015\/05\/Minipurse.pdf\" target=\"_blank\">ici<\/a>. C&rsquo;est tr\u00e8s joli si vous choisissez le papier cartonn\u00e9 s&rsquo;assortant au dessin de la vaisselle.<\/p>\n<p style=\"text-align: center;\"><a href=\"http:\/\/www.bastelesel.de\/erdbeerrosen-zum-muttertag\/muttertag5\/\" rel=\"attachment wp-att-6348\"><img decoding=\"async\" loading=\"lazy\" class=\"size-full wp-image-6348 aligncenter\" alt=\"Muttertag5\" src=\"http:\/\/www.bastelesel.de\/wp-content\/uploads\/2015\/05\/Muttertag5.png\" height=\"225\" width=\"300\"><\/a><\/p>\n<p>Il vaut mieux attacher la praline au fond du sac en papier avec un petit morceau de ruban adh\u00e9sif \u00e0 double face. Ainsi le sac se laisse remeur sans perdre la praline.<\/p>","protected":false},"excerpt":{"rendered":"<p>Il ne reste qu&rsquo;une semaine et nous c\u00e9l\u00e9brerons la F\u00eate des M\u00e8res. La plupart des m\u00e8res n&rsquo;attend pas de cadeau mais souhaite passer une belle journ\u00e9e en famille. Que pensez-vous alors d&rsquo;un bouquet de roses un peu sp\u00e9cial pour le petit d\u00e9jeuner? Il ne faut qu&rsquo;acheter des fraises de taille moyenne la veille. A l&rsquo;aide [&hellip;]<\/p>\n","protected":false},"author":1,"featured_media":0,"comment_status":"open","ping_status":"open","sticky":false,"template":"","format":"standard","meta":{"ngg_post_thumbnail":0},"categories":[15],"tags":[],"_links":{"self":[{"href":"https:\/\/www.bastelesel.de\/fr\/wp-json\/wp\/v2\/posts\/6280"}],"collection":[{"href":"https:\/\/www.bastelesel.de\/fr\/wp-json\/wp\/v2\/posts"}],"about":[{"href":"https:\/\/www.bastelesel.de\/fr\/wp-json\/wp\/v2\/types\/post"}],"author":[{"embeddable":true,"href":"https:\/\/www.bastelesel.de\/fr\/wp-json\/wp\/v2\/users\/1"}],"replies":[{"embeddable":true,"href":"https:\/\/www.bastelesel.de\/fr\/wp-json\/wp\/v2\/comments?post=6280"}],"version-history":[{"count":14,"href":"https:\/\/www.bastelesel.de\/fr\/wp-json\/wp\/v2\/posts\/6280\/revisions"}],"predecessor-version":[{"id":6359,"href":"https:\/\/www.bastelesel.de\/fr\/wp-json\/wp\/v2\/posts\/6280\/revisions\/6359"}],"wp:attachment":[{"href":"https:\/\/www.bastelesel.de\/fr\/wp-json\/wp\/v2\/media?parent=6280"}],"wp:term":[{"taxonomy":"category","embeddable":true,"href":"https:\/\/www.bastelesel.de\/fr\/wp-json\/wp\/v2\/categories?post=6280"},{"taxonomy":"post_tag","embeddable":true,"href":"https:\/\/www.bastelesel.de\/fr\/wp-json\/wp\/v2\/tags?post=6280"}],"curies":[{"name":"wp","href":"https:\/\/api.w.org\/{rel}","templated":true}]}}