{"id":1894,"date":"2013-09-01T19:05:45","date_gmt":"2013-09-01T17:05:45","guid":{"rendered":"http:\/\/www.bastelesel.de\/?p=1894"},"modified":"2013-09-01T19:05:45","modified_gmt":"2013-09-01T17:05:45","slug":"pfaelzer-zwetschgenkuchen","status":"publish","type":"post","link":"https:\/\/www.bastelesel.de\/fr\/pfaelzer-zwetschgenkuchen\/","title":{"rendered":"Pf\u00e4lzer Zwetschgenkuchen"},"content":{"rendered":"<p><a href=\"http:\/\/www.bastelesel.de\/wp-content\/uploads\/2013\/09\/Pflaumenkuchen4.jpg\"><img decoding=\"async\" loading=\"lazy\" class=\" wp-image-1898 alignleft\" alt=\"Pflaumenkuchen4\" src=\"http:\/\/www.bastelesel.de\/wp-content\/uploads\/2013\/09\/Pflaumenkuchen4.jpg\" width=\"288\" height=\"216\" srcset=\"https:\/\/www.bastelesel.de\/wp-content\/uploads\/2013\/09\/Pflaumenkuchen4.jpg 800w, https:\/\/www.bastelesel.de\/wp-content\/uploads\/2013\/09\/Pflaumenkuchen4-300x225.jpg 300w\" sizes=\"(max-width: 288px) 100vw, 288px\" \/><\/a>Mit dem Urlaub ist es wie mit vielen anderen Dingen, auf die man sich riesig freut. Erst dauert es ewig bis es so weit ist und dann geht es viel zu schnell zu Ende. Zum Gl\u00fcck gibt&rsquo;s in Speyer einen tollen Wochenmarkt auf dem ganz viele leckere regionale Produkte verkauft werden. Zur Zeit sind da Mirabellen, Pfirsiche, die Sommergem\u00fcse und nat\u00fcrlich Zwetschgen im Angebot. Ein kleines Pl\u00e4tzchen findet sich noch auf der R\u00fcckbank des Autos, so dass man ein wenig Sommer- und Urlaubsstimmung mit nach Hause nehmen kann. Zusammen mit einem s\u00fc\u00dfen Hefeteig werden die Zwetchgen zu einem leckeren Pflaumenkuchen verarbeitet. Den Hefeteig stelle ich fast immer nach dem gleichen Rezept her. Ich habe es hier unter anderem schon als<span style=\"color: #000080;\"> <a href=\"http:\/\/www.bastelesel.de\/hefeschnecken-einmal-anders\/\" target=\"_blank\"><span style=\"color: #000080;\">Hefeschnecken<\/span><\/a><\/span> vorgestellt. Die Herstellung des Teiges kann man genau so, wie dort beschrieben, machen und ihn dann ausrollen und aufs eingefettete Backblech legen. F\u00fcr mein Backblech ben\u00f6tige ich etwa zwei Kilogramm Zwetschgen. Diese werden gewaschen, entsteint und aufgeklappt in den Teig gesteckt. Ich backe den Kuchen dann bei 180\u00b0C f\u00fcr etwa 25 bis 30 Minuten im vorgeheizten Ofen. Dann ein wenig ausk\u00fchlen lassen und etwas Zimtzucker auf die Pflaumen streuen. Mit einem Klecks Sahne und einem Cappuccino genossen, schmeckt&rsquo;s fast so gut wie im Urlaub.<\/p>\n<p><!-- default-view.php -->\n<div\n\tclass=\"ngg-galleryoverview default-view  ngg-ajax-pagination-none\"\n\tid=\"ngg-gallery-1900-1\">\n\n\t\t<!-- Thumbnails -->\n\t\t\t\t<div id=\"ngg-image-0\" class=\"ngg-gallery-thumbnail-box \" >\n\t\t\t\t        <div class=\"ngg-gallery-thumbnail\">\n            <a href=\"https:\/\/www.bastelesel.de\/wp-content\/gallery\/2013pflaumenkuchen\/pflaumenkuchen1.jpg\"\n               title=\"Etwa 2 kg Pflaumen waschen und entsteinen.\"\n               data-src=\"https:\/\/www.bastelesel.de\/wp-content\/gallery\/2013pflaumenkuchen\/pflaumenkuchen1.jpg\"\n               data-thumbnail=\"https:\/\/www.bastelesel.de\/wp-content\/gallery\/2013pflaumenkuchen\/thumbs\/thumbs_pflaumenkuchen1.jpg\"\n               data-image-id=\"429\"\n               data-title=\"pflaumenkuchen1\"\n               data-description=\"Etwa 2 kg Pflaumen waschen und entsteinen.\"\n               data-image-slug=\"pflaumenkuchen1\"\n               class='use_imagebrowser_effect' data-imagebrowser-url='https:\/\/www.bastelesel.de\/fr\/pfaelzer-zwetschgenkuchen\/nggallery\/image\/%STUB%'>\n                <img\n                    title=\"pflaumenkuchen1\"\n                    alt=\"pflaumenkuchen1\"\n                    src=\"https:\/\/www.bastelesel.de\/wp-content\/gallery\/2013pflaumenkuchen\/thumbs\/thumbs_pflaumenkuchen1.jpg\"\n                    width=\"100\"\n                    height=\"75\"\n                    style=\"max-width:100%;\"\n                \/>\n            <\/a>\n        <\/div>\n\t\t\t\t\t\t\t<\/div> \n\t\t\t\n\t\t\t\t<div id=\"ngg-image-1\" class=\"ngg-gallery-thumbnail-box \" >\n\t\t\t\t        <div class=\"ngg-gallery-thumbnail\">\n            <a href=\"https:\/\/www.bastelesel.de\/wp-content\/gallery\/2013pflaumenkuchen\/pflaumenkuchen2.jpg\"\n               title=\"Den Teig so dicht wie m\u00f6glich belegen, damit der Kuchen sch\u00f6n saftig wird.\"\n               data-src=\"https:\/\/www.bastelesel.de\/wp-content\/gallery\/2013pflaumenkuchen\/pflaumenkuchen2.jpg\"\n               data-thumbnail=\"https:\/\/www.bastelesel.de\/wp-content\/gallery\/2013pflaumenkuchen\/thumbs\/thumbs_pflaumenkuchen2.jpg\"\n               data-image-id=\"430\"\n               data-title=\"pflaumenkuchen2\"\n               data-description=\"Den Teig so dicht wie m\u00f6glich belegen, damit der Kuchen sch\u00f6n saftig wird.\"\n               data-image-slug=\"pflaumenkuchen2\"\n               class='use_imagebrowser_effect' data-imagebrowser-url='https:\/\/www.bastelesel.de\/fr\/pfaelzer-zwetschgenkuchen\/nggallery\/image\/%STUB%'>\n                <img\n                    title=\"pflaumenkuchen2\"\n                    alt=\"pflaumenkuchen2\"\n                    src=\"https:\/\/www.bastelesel.de\/wp-content\/gallery\/2013pflaumenkuchen\/thumbs\/thumbs_pflaumenkuchen2.jpg\"\n                    width=\"100\"\n                    height=\"75\"\n                    style=\"max-width:100%;\"\n                \/>\n            <\/a>\n        <\/div>\n\t\t\t\t\t\t\t<\/div> \n\t\t\t\n\t\t\t\t<div id=\"ngg-image-2\" class=\"ngg-gallery-thumbnail-box \" >\n\t\t\t\t        <div class=\"ngg-gallery-thumbnail\">\n            <a href=\"https:\/\/www.bastelesel.de\/wp-content\/gallery\/2013pflaumenkuchen\/pflaumenkuchen3.jpg\"\n               title=\"Vielleicht nicht ganz gesund, aber ich mag ihn am liebsten mit ein wenig Zimtzucker bestreut.\"\n               data-src=\"https:\/\/www.bastelesel.de\/wp-content\/gallery\/2013pflaumenkuchen\/pflaumenkuchen3.jpg\"\n               data-thumbnail=\"https:\/\/www.bastelesel.de\/wp-content\/gallery\/2013pflaumenkuchen\/thumbs\/thumbs_pflaumenkuchen3.jpg\"\n               data-image-id=\"431\"\n               data-title=\"pflaumenkuchen3\"\n               data-description=\"Vielleicht nicht ganz gesund, aber ich mag ihn am liebsten mit ein wenig Zimtzucker bestreut.\"\n               data-image-slug=\"pflaumenkuchen3\"\n               class='use_imagebrowser_effect' data-imagebrowser-url='https:\/\/www.bastelesel.de\/fr\/pfaelzer-zwetschgenkuchen\/nggallery\/image\/%STUB%'>\n                <img\n                    title=\"pflaumenkuchen3\"\n                    alt=\"pflaumenkuchen3\"\n                    src=\"https:\/\/www.bastelesel.de\/wp-content\/gallery\/2013pflaumenkuchen\/thumbs\/thumbs_pflaumenkuchen3.jpg\"\n                    width=\"100\"\n                    height=\"75\"\n                    style=\"max-width:100%;\"\n                \/>\n            <\/a>\n        <\/div>\n\t\t\t\t\t\t\t<\/div> \n\t\t\t\n\t\t\t\t<div id=\"ngg-image-3\" class=\"ngg-gallery-thumbnail-box \" >\n\t\t\t\t        <div class=\"ngg-gallery-thumbnail\">\n            <a href=\"https:\/\/www.bastelesel.de\/wp-content\/gallery\/2013pflaumenkuchen\/pflaumenkuchen4.jpg\"\n               title=\"Ein wenig Sahne und ein Cappuccino dazu - so sch\u00f6n k\u00f6nnen Urlaubserinnerungen sein.\"\n               data-src=\"https:\/\/www.bastelesel.de\/wp-content\/gallery\/2013pflaumenkuchen\/pflaumenkuchen4.jpg\"\n               data-thumbnail=\"https:\/\/www.bastelesel.de\/wp-content\/gallery\/2013pflaumenkuchen\/thumbs\/thumbs_pflaumenkuchen4.jpg\"\n               data-image-id=\"432\"\n               data-title=\"pflaumenkuchen4\"\n               data-description=\"Ein wenig Sahne und ein Cappuccino dazu - so sch\u00f6n k\u00f6nnen Urlaubserinnerungen sein.\"\n               data-image-slug=\"pflaumenkuchen4\"\n               class='use_imagebrowser_effect' data-imagebrowser-url='https:\/\/www.bastelesel.de\/fr\/pfaelzer-zwetschgenkuchen\/nggallery\/image\/%STUB%'>\n                <img\n                    title=\"pflaumenkuchen4\"\n                    alt=\"pflaumenkuchen4\"\n                    src=\"https:\/\/www.bastelesel.de\/wp-content\/gallery\/2013pflaumenkuchen\/thumbs\/thumbs_pflaumenkuchen4.jpg\"\n                    width=\"100\"\n                    height=\"75\"\n                    style=\"max-width:100%;\"\n                \/>\n            <\/a>\n        <\/div>\n\t\t\t\t\t\t\t<\/div> \n\t\t\t\n\t\n\t<br style=\"clear: both\" \/>\n\n\t\n\t\t<!-- Pagination -->\n\t<div class='ngg-clear'><\/div>\t<\/div>\n<\/p>\n","protected":false},"excerpt":{"rendered":"<p>Mit dem Urlaub ist es wie mit vielen anderen Dingen, auf die man sich riesig freut. Erst dauert es ewig bis es so weit ist und dann geht es viel zu schnell zu Ende. Zum Gl\u00fcck gibt&rsquo;s in Speyer einen tollen Wochenmarkt auf dem ganz viele leckere regionale Produkte verkauft werden. Zur Zeit sind da [&hellip;]<\/p>\n","protected":false},"author":1,"featured_media":0,"comment_status":"open","ping_status":"open","sticky":false,"template":"","format":"standard","meta":{"ngg_post_thumbnail":0},"categories":[1],"tags":[],"_links":{"self":[{"href":"https:\/\/www.bastelesel.de\/fr\/wp-json\/wp\/v2\/posts\/1894"}],"collection":[{"href":"https:\/\/www.bastelesel.de\/fr\/wp-json\/wp\/v2\/posts"}],"about":[{"href":"https:\/\/www.bastelesel.de\/fr\/wp-json\/wp\/v2\/types\/post"}],"author":[{"embeddable":true,"href":"https:\/\/www.bastelesel.de\/fr\/wp-json\/wp\/v2\/users\/1"}],"replies":[{"embeddable":true,"href":"https:\/\/www.bastelesel.de\/fr\/wp-json\/wp\/v2\/comments?post=1894"}],"version-history":[{"count":6,"href":"https:\/\/www.bastelesel.de\/fr\/wp-json\/wp\/v2\/posts\/1894\/revisions"}],"predecessor-version":[{"id":1902,"href":"https:\/\/www.bastelesel.de\/fr\/wp-json\/wp\/v2\/posts\/1894\/revisions\/1902"}],"wp:attachment":[{"href":"https:\/\/www.bastelesel.de\/fr\/wp-json\/wp\/v2\/media?parent=1894"}],"wp:term":[{"taxonomy":"category","embeddable":true,"href":"https:\/\/www.bastelesel.de\/fr\/wp-json\/wp\/v2\/categories?post=1894"},{"taxonomy":"post_tag","embeddable":true,"href":"https:\/\/www.bastelesel.de\/fr\/wp-json\/wp\/v2\/tags?post=1894"}],"curies":[{"name":"wp","href":"https:\/\/api.w.org\/{rel}","templated":true}]}}