{"id":8434,"date":"2018-02-13T22:16:25","date_gmt":"2018-02-13T20:16:25","guid":{"rendered":"http:\/\/www.bastelesel.de\/?p=8434"},"modified":"2018-02-13T22:18:49","modified_gmt":"2018-02-13T20:18:49","slug":"valentinsherzen-2","status":"publish","type":"post","link":"http:\/\/www.bastelesel.de\/fr\/valentinsherzen-2\/","title":{"rendered":"C\u0153urs de la Saint-Valentin"},"content":{"rendered":"<p><a href=\"http:\/\/www.bastelesel.de\/valentinsherzen-2\/2018_valentin\/\" rel=\"attachment wp-att-8435\"><img decoding=\"async\" loading=\"lazy\" class=\"size-full wp-image-8435 alignnone\" src=\"http:\/\/www.bastelesel.de\/wp-content\/uploads\/2018\/02\/2018_Valentin.png\" alt=\"2018_Valentin\" width=\"800\" height=\"600\" srcset=\"http:\/\/www.bastelesel.de\/wp-content\/uploads\/2018\/02\/2018_Valentin.png 800w, http:\/\/www.bastelesel.de\/wp-content\/uploads\/2018\/02\/2018_Valentin-400x300.png 400w, http:\/\/www.bastelesel.de\/wp-content\/uploads\/2018\/02\/2018_Valentin-768x576.png 768w\" sizes=\"(max-width: 800px) 100vw, 800px\" \/><\/a><\/p>\n<p>Si vous \u00eates \u00e0 la recherche d&rsquo;une d\u00e9coration derni\u00e8re minute pour la Saint-Valentin vous avez ici une id\u00e9e tr\u00e8s jolie et tr\u00e8s facile \u00e0 r\u00e9aliser. Les mod\u00e8les du porte-serviette, du petit panier en forme de c\u0153ur et du support de bougie \u00e0 chauffe plat se trouvent <strong><a href=\"http:\/\/www.bastelesel.de\/wp-content\/uploads\/2018\/02\/2018_Herz.pdf\" target=\"_blank\">ici<\/a><\/strong>. Imprimez et d\u00e9coupez-les. Pliez le petit panier d&rsquo;un papier origami de 16 x 16cm. Pliez-le \u00e0 moiti\u00e9 des deux c\u00f4t\u00e9s et rouvrez les plis. Ensuite pliez-le en diagonale des ceux c\u00f4t\u00e9s et rouvrez ces plis aussi. Maintenant pliez le papier en moiti\u00e9 de sorte que le dos soit en bas. Prenez le coin gauche et droit et poussez-les \u00e0 l&rsquo;int\u00e9rieur des deux couches de papier pour obtenir un triangle mis sur sa pointe. (Suivez<a href=\"http:\/\/www.fasana.com\/d\/servietten-falten\/doppelte-tafelspitz\" target=\"_blank\"> mesure 1-4&nbsp;<\/a> et tournez le triangle ensuite) Prenez le mod\u00e8le, alignez-le \u00e0 la pointe et d\u00e9coupez le haut du c\u0153ur. Aux c\u00f4t\u00e9s collez les couches int\u00e9rieur en rajoutant une bande papier pour en faire une poign\u00e9e. Mettez une petite praline ou un petit mot \u00e0 l&rsquo;int\u00e9rieur et voil\u00e0 une belle d\u00e9coration.<\/p>\n<p>&nbsp;<\/p>","protected":false},"excerpt":{"rendered":"<p>Si vous \u00eates \u00e0 la recherche d&rsquo;une d\u00e9coration derni\u00e8re minute pour la Saint-Valentin vous avez ici une id\u00e9e tr\u00e8s jolie et tr\u00e8s facile \u00e0 r\u00e9aliser. Les mod\u00e8les du porte-serviette, du petit panier en forme de c\u0153ur et du support de bougie \u00e0 chauffe plat se trouvent ici. Imprimez et d\u00e9coupez-les. Pliez le petit panier d&rsquo;un [&hellip;]<\/p>\n","protected":false},"author":1,"featured_media":0,"comment_status":"open","ping_status":"open","sticky":false,"template":"","format":"standard","meta":{"ngg_post_thumbnail":0},"categories":[62],"tags":[],"_links":{"self":[{"href":"http:\/\/www.bastelesel.de\/fr\/wp-json\/wp\/v2\/posts\/8434"}],"collection":[{"href":"http:\/\/www.bastelesel.de\/fr\/wp-json\/wp\/v2\/posts"}],"about":[{"href":"http:\/\/www.bastelesel.de\/fr\/wp-json\/wp\/v2\/types\/post"}],"author":[{"embeddable":true,"href":"http:\/\/www.bastelesel.de\/fr\/wp-json\/wp\/v2\/users\/1"}],"replies":[{"embeddable":true,"href":"http:\/\/www.bastelesel.de\/fr\/wp-json\/wp\/v2\/comments?post=8434"}],"version-history":[{"count":3,"href":"http:\/\/www.bastelesel.de\/fr\/wp-json\/wp\/v2\/posts\/8434\/revisions"}],"predecessor-version":[{"id":8441,"href":"http:\/\/www.bastelesel.de\/fr\/wp-json\/wp\/v2\/posts\/8434\/revisions\/8441"}],"wp:attachment":[{"href":"http:\/\/www.bastelesel.de\/fr\/wp-json\/wp\/v2\/media?parent=8434"}],"wp:term":[{"taxonomy":"category","embeddable":true,"href":"http:\/\/www.bastelesel.de\/fr\/wp-json\/wp\/v2\/categories?post=8434"},{"taxonomy":"post_tag","embeddable":true,"href":"http:\/\/www.bastelesel.de\/fr\/wp-json\/wp\/v2\/tags?post=8434"}],"curies":[{"name":"wp","href":"https:\/\/api.w.org\/{rel}","templated":true}]}}