{"id":7906,"date":"2016-11-03T21:50:02","date_gmt":"2016-11-03T19:50:02","guid":{"rendered":"http:\/\/www.bastelesel.de\/?p=7906"},"modified":"2016-11-03T21:50:03","modified_gmt":"2016-11-03T19:50:03","slug":"gesund-und-lecker","status":"publish","type":"post","link":"http:\/\/www.bastelesel.de\/fr\/gesund-und-lecker\/","title":{"rendered":"Sain et d\u00e9licieux"},"content":{"rendered":"<p><a href=\"http:\/\/www.bastelesel.de\/gesund-und-lecker\/2016_kaki\/\" rel=\"attachment wp-att-7907\"><img decoding=\"async\" loading=\"lazy\" class=\"alignnone size-full wp-image-7907\" src=\"http:\/\/www.bastelesel.de\/wp-content\/uploads\/2016\/11\/2016_Kaki.png\" alt=\"2016_kaki\" width=\"800\" height=\"600\" srcset=\"http:\/\/www.bastelesel.de\/wp-content\/uploads\/2016\/11\/2016_Kaki.png 800w, http:\/\/www.bastelesel.de\/wp-content\/uploads\/2016\/11\/2016_Kaki-400x300.png 400w, http:\/\/www.bastelesel.de\/wp-content\/uploads\/2016\/11\/2016_Kaki-768x576.png 768w\" sizes=\"(max-width: 800px) 100vw, 800px\" \/><\/a><\/p>\n<p>Aupr\u00e8s des feuilles color\u00e9es il y a tr\u00e8s peu de choses qui me font plaisir en automne. Les plaquemines de Chine aussi appel\u00e9es kakis en font partie. D&rsquo;habitude je les mange dans mon yaourt matinal mais de temps en temps j&rsquo;essaie de nouvelles recettes avec ces fruits. Aujourd&rsquo;hui ce sera une salade avec des tranches de kaki et des graines de grenade.<\/p>\n<p><strong>Ingr\u00e9dients:<\/strong><br \/>\n<em>1 kaki, 2 poign\u00e9es de salade par personne (de la m\u00e2che, de la fris\u00e9e, de la laitue d&rsquo;hiver, pousses d&rsquo;\u00e9pinard et tout ce que vous aimez), 1 grenade, 1 camembert, 100g de noix cass\u00e9s; d&rsquo;huile d&rsquo;olive, vinaigre, poivre et sel pour la vinaigrette<\/em><\/p>\n<p>Nettoyer la salade et la mettre dans un grand saladier. Coupez la grenade en deux pour enlever les graines. Tenez la grenade au dessus d&rsquo;un saladier et tapez fermement sur l&rsquo;exterieur du fruit pour faire tomber les graines. Epluchez le kaki, coupez-le en deux, enlevez le centre dur et coupez-le en tranches fines. Faites rissoler les noix dans un po\u00eale. Coupez en d\u00e9s le camembert. M\u00e9langez fruits et salade. Dans un petit bol m\u00e9langez l&rsquo;huile avec le vinaigre. Salez et poivrez. Si vous pr\u00e9f\u00e9rez une vinaigrette plus douce rajoutez une cuill\u00e8re de miel. Arrosez la salade de sauce et d\u00e9corez-la avec les d\u00e9s de camembert et les noix. Servez le tout avec une tranche de pain complet.<\/p>\n<p>&nbsp;<\/p>","protected":false},"excerpt":{"rendered":"<p>Aupr\u00e8s des feuilles color\u00e9es il y a tr\u00e8s peu de choses qui me font plaisir en automne. Les plaquemines de Chine aussi appel\u00e9es kakis en font partie. D&rsquo;habitude je les mange dans mon yaourt matinal mais de temps en temps j&rsquo;essaie de nouvelles recettes avec ces fruits. Aujourd&rsquo;hui ce sera une salade avec des tranches [&hellip;]<\/p>\n","protected":false},"author":1,"featured_media":0,"comment_status":"open","ping_status":"open","sticky":false,"template":"","format":"standard","meta":{"ngg_post_thumbnail":0},"categories":[25],"tags":[],"_links":{"self":[{"href":"http:\/\/www.bastelesel.de\/fr\/wp-json\/wp\/v2\/posts\/7906"}],"collection":[{"href":"http:\/\/www.bastelesel.de\/fr\/wp-json\/wp\/v2\/posts"}],"about":[{"href":"http:\/\/www.bastelesel.de\/fr\/wp-json\/wp\/v2\/types\/post"}],"author":[{"embeddable":true,"href":"http:\/\/www.bastelesel.de\/fr\/wp-json\/wp\/v2\/users\/1"}],"replies":[{"embeddable":true,"href":"http:\/\/www.bastelesel.de\/fr\/wp-json\/wp\/v2\/comments?post=7906"}],"version-history":[{"count":10,"href":"http:\/\/www.bastelesel.de\/fr\/wp-json\/wp\/v2\/posts\/7906\/revisions"}],"predecessor-version":[{"id":7919,"href":"http:\/\/www.bastelesel.de\/fr\/wp-json\/wp\/v2\/posts\/7906\/revisions\/7919"}],"wp:attachment":[{"href":"http:\/\/www.bastelesel.de\/fr\/wp-json\/wp\/v2\/media?parent=7906"}],"wp:term":[{"taxonomy":"category","embeddable":true,"href":"http:\/\/www.bastelesel.de\/fr\/wp-json\/wp\/v2\/categories?post=7906"},{"taxonomy":"post_tag","embeddable":true,"href":"http:\/\/www.bastelesel.de\/fr\/wp-json\/wp\/v2\/tags?post=7906"}],"curies":[{"name":"wp","href":"https:\/\/api.w.org\/{rel}","templated":true}]}}