{"id":5781,"date":"2015-01-06T18:47:06","date_gmt":"2015-01-06T16:47:06","guid":{"rendered":"http:\/\/www.bastelesel.de\/?p=5781"},"modified":"2015-01-06T18:47:07","modified_gmt":"2015-01-06T16:47:07","slug":"winterkerzen","status":"publish","type":"post","link":"http:\/\/www.bastelesel.de\/fr\/winterkerzen\/","title":{"rendered":"Bougies d&rsquo;hiver"},"content":{"rendered":"<p><a href=\"http:\/\/www.bastelesel.de\/winterkerzen\/candle1a\/\" rel=\"attachment wp-att-5788\"><img decoding=\"async\" loading=\"lazy\" class=\"alignnone size-full wp-image-5788\" alt=\"Candle1a\" src=\"http:\/\/www.bastelesel.de\/wp-content\/uploads\/2015\/01\/Candle1a.png\" height=\"600\" width=\"800\" srcset=\"http:\/\/www.bastelesel.de\/wp-content\/uploads\/2015\/01\/Candle1a.png 800w, http:\/\/www.bastelesel.de\/wp-content\/uploads\/2015\/01\/Candle1a-400x300.png 400w, http:\/\/www.bastelesel.de\/wp-content\/uploads\/2015\/01\/Candle1a-150x112.png 150w, http:\/\/www.bastelesel.de\/wp-content\/uploads\/2015\/01\/Candle1a-600x450.png 600w\" sizes=\"(max-width: 800px) 100vw, 800px\" \/><\/a><\/p>\n<p>Apr\u00e8s le d\u00e9montage de toute d\u00e9coration de No\u00ebl il est assez difficile de trouver de bonnes id\u00e9es pour les premi\u00e8res semaines de l&rsquo;ann\u00e9e. Lors de ma recherche sur pinterest j&rsquo;ai trouv\u00e9 trois photophores extraordinaires pour les mois d&rsquo;hiver. Ce sera difficile de choisir entre la version non-parfum\u00e9e aux ramilles et les deux sentants soit du caf\u00e9 soit de l&rsquo;orange et de la canelle.<br \/>\nLe photophore du premier plan sentira du caf\u00e9 du moment o\u00f9 la bougie transpose sa chaleur aux grains de caf\u00e9. Versez quelqus grains de caf\u00e9 dans une coupe de verre de taille moyenne et posez un verre pour bougie \u00e0 chauffe-plat au milieu. Remplissez l&rsquo;espace libre de grains de caf\u00e9. Mettez une bougie \u00e0 chauffe-plat, allumez-la et r\u00e9galez-vous de l&rsquo;odeur de caf\u00e9 frais.<br \/>\n<a href=\"http:\/\/www.bastelesel.de\/winterkerzen\/candle2\/\" rel=\"attachment wp-att-5783\"><img decoding=\"async\" loading=\"lazy\" class=\"alignnone size-full wp-image-5783\" alt=\"Candle2\" src=\"http:\/\/www.bastelesel.de\/wp-content\/uploads\/2015\/01\/Candle2.png\" height=\"600\" width=\"800\" srcset=\"http:\/\/www.bastelesel.de\/wp-content\/uploads\/2015\/01\/Candle2.png 800w, http:\/\/www.bastelesel.de\/wp-content\/uploads\/2015\/01\/Candle2-400x300.png 400w, http:\/\/www.bastelesel.de\/wp-content\/uploads\/2015\/01\/Candle2-150x112.png 150w, http:\/\/www.bastelesel.de\/wp-content\/uploads\/2015\/01\/Candle2-600x450.png 600w\" sizes=\"(max-width: 800px) 100vw, 800px\" \/><\/a><\/p>\n<p>Ceux qui pr\u00e9f\u00e8rent surtout la lueur et se privent de tout parfum aimeront s\u00fbrement le photophore naturel aux ramilles. Remplissez d&rsquo;eau un grand photophore en verre et mettez-y plusieures ramilles s\u00e9ch\u00e9es. Coincez une ou deux ramilles entre les verri\u00e8res pour emp\u00eacher les plus petites de monter \u00e0 la surface. Ainsi il y aura assez d&rsquo;espace pour un photophore ou une bougie \u00e0 chauffe-plat flottant.<\/p>\n<p><a href=\"http:\/\/www.bastelesel.de\/winterkerzen\/candle3\/\" rel=\"attachment wp-att-5784\"><img decoding=\"async\" loading=\"lazy\" class=\"alignnone size-full wp-image-5784\" alt=\"Candle3\" src=\"http:\/\/www.bastelesel.de\/wp-content\/uploads\/2015\/01\/Candle3.png\" height=\"600\" width=\"800\" srcset=\"http:\/\/www.bastelesel.de\/wp-content\/uploads\/2015\/01\/Candle3.png 800w, http:\/\/www.bastelesel.de\/wp-content\/uploads\/2015\/01\/Candle3-400x300.png 400w, http:\/\/www.bastelesel.de\/wp-content\/uploads\/2015\/01\/Candle3-150x112.png 150w, http:\/\/www.bastelesel.de\/wp-content\/uploads\/2015\/01\/Candle3-600x450.png 600w\" sizes=\"(max-width: 800px) 100vw, 800px\" \/><\/a><\/p>\n<p>Il y a de photophores en verre ou en plastique. Leur avantage, c&rsquo;est la possibilit\u00e9 d&rsquo;y mettre de simples bougies \u00e0 chauffe-plat sans \u00eatre oblig\u00e9 d&rsquo;acheter des bougies flottantes. Les derni\u00e8res risquent de s&rsquo;\u00e9couler et de coller les pi\u00e8ces de d\u00e9coration immerg\u00e9es dans l&rsquo;eau.<br \/>\nLe troisi\u00e8me photophore est d\u00e9cor\u00e9 de tranches d&rsquo;orange et d&rsquo;\u00e9pices bouillies dans l&rsquo;eau. Les instructions exactes et une \u00e9tiquette pour pouvoir l&rsquo;offrir en cadeau seront publi\u00e9es en suite.<br \/>\n&nbsp;<\/p>\n<p>&nbsp;<\/p>\n<p>&nbsp;<\/p>","protected":false},"excerpt":{"rendered":"<p>Apr\u00e8s le d\u00e9montage de toute d\u00e9coration de No\u00ebl il est assez difficile de trouver de bonnes id\u00e9es pour les premi\u00e8res semaines de l&rsquo;ann\u00e9e. Lors de ma recherche sur pinterest j&rsquo;ai trouv\u00e9 trois photophores extraordinaires pour les mois d&rsquo;hiver. Ce sera difficile de choisir entre la version non-parfum\u00e9e aux ramilles et les deux sentants soit du [&hellip;]<\/p>\n","protected":false},"author":1,"featured_media":0,"comment_status":"open","ping_status":"open","sticky":false,"template":"","format":"standard","meta":{"ngg_post_thumbnail":0},"categories":[15],"tags":[],"_links":{"self":[{"href":"http:\/\/www.bastelesel.de\/fr\/wp-json\/wp\/v2\/posts\/5781"}],"collection":[{"href":"http:\/\/www.bastelesel.de\/fr\/wp-json\/wp\/v2\/posts"}],"about":[{"href":"http:\/\/www.bastelesel.de\/fr\/wp-json\/wp\/v2\/types\/post"}],"author":[{"embeddable":true,"href":"http:\/\/www.bastelesel.de\/fr\/wp-json\/wp\/v2\/users\/1"}],"replies":[{"embeddable":true,"href":"http:\/\/www.bastelesel.de\/fr\/wp-json\/wp\/v2\/comments?post=5781"}],"version-history":[{"count":10,"href":"http:\/\/www.bastelesel.de\/fr\/wp-json\/wp\/v2\/posts\/5781\/revisions"}],"predecessor-version":[{"id":5800,"href":"http:\/\/www.bastelesel.de\/fr\/wp-json\/wp\/v2\/posts\/5781\/revisions\/5800"}],"wp:attachment":[{"href":"http:\/\/www.bastelesel.de\/fr\/wp-json\/wp\/v2\/media?parent=5781"}],"wp:term":[{"taxonomy":"category","embeddable":true,"href":"http:\/\/www.bastelesel.de\/fr\/wp-json\/wp\/v2\/categories?post=5781"},{"taxonomy":"post_tag","embeddable":true,"href":"http:\/\/www.bastelesel.de\/fr\/wp-json\/wp\/v2\/tags?post=5781"}],"curies":[{"name":"wp","href":"https:\/\/api.w.org\/{rel}","templated":true}]}}