{"id":5177,"date":"2014-11-14T22:34:16","date_gmt":"2014-11-14T20:34:16","guid":{"rendered":"http:\/\/www.bastelesel.de\/?p=5177"},"modified":"2014-11-14T22:34:16","modified_gmt":"2014-11-14T20:34:16","slug":"adventkalender-vorschlag-i","status":"publish","type":"post","link":"http:\/\/www.bastelesel.de\/fr\/adventkalender-vorschlag-i\/","title":{"rendered":"Calendrier de l&rsquo;avent &#8211; le 1er"},"content":{"rendered":"<p><a href=\"http:\/\/www.bastelesel.de\/adventkalender-vorschlag-i\/adventkalender2-2\/\" rel=\"attachment wp-att-5179\"><img decoding=\"async\" loading=\"lazy\" class=\"size-medium wp-image-5179 alignleft\" alt=\"Adventkalender2\" src=\"http:\/\/www.bastelesel.de\/wp-content\/uploads\/2014\/11\/Adventkalender2-225x300.jpg\" height=\"300\" width=\"225\" srcset=\"http:\/\/www.bastelesel.de\/wp-content\/uploads\/2014\/11\/Adventkalender2-225x300.jpg 225w, http:\/\/www.bastelesel.de\/wp-content\/uploads\/2014\/11\/Adventkalender2.jpg 450w\" sizes=\"(max-width: 225px) 100vw, 225px\" \/><\/a>Le voil\u00e0 &#8211; mon premier calendrier de l&rsquo;avent. Dans ce cas l\u00e0 j&rsquo;ai choisi une \u00e9tag\u00e8re \u00e0 livres qui, apr\u00e8s No\u00ebl, nous servira en tant que telle. Cela nous procure un calendrier insolite qui ne doit pas \u00eatre rang\u00e9 plus tard. Pour les jours de l&rsquo;avent on l&rsquo;appuie contre un mur ce qui permet l&rsquo;acc\u00e8s de tous les c\u00f4t\u00e9s. Les petits cadeaux sont emball\u00e9s dans des bo\u00eetes, du papier No\u00ebl ou des sacs en tissu. En plus j&rsquo;ai mis quelques accessoires pour No\u00ebl. Les chiffres ne sont pas encore coll\u00e9s parce que je le fais toujours \u00e0 la fin pour bien r\u00e9partir les cadeaux. Les bo\u00eetes son faites avec une presse de Splitcoaststampers. Les autres emballages seront pr\u00e9sent\u00e9s ici dans les jours \u00e0 venir.<\/p>\n<p>\u00a0<\/p>\n<p>\u00a0<\/p>","protected":false},"excerpt":{"rendered":"<p>Le voil\u00e0 &#8211; mon premier calendrier de l&rsquo;avent. Dans ce cas l\u00e0 j&rsquo;ai choisi une \u00e9tag\u00e8re \u00e0 livres qui, apr\u00e8s No\u00ebl, nous servira en tant que telle. Cela nous procure un calendrier insolite qui ne doit pas \u00eatre rang\u00e9 plus tard. Pour les jours de l&rsquo;avent on l&rsquo;appuie contre un mur ce qui permet l&rsquo;acc\u00e8s [&hellip;]<\/p>\n","protected":false},"author":1,"featured_media":0,"comment_status":"open","ping_status":"open","sticky":false,"template":"","format":"standard","meta":{"ngg_post_thumbnail":0},"categories":[10],"tags":[],"_links":{"self":[{"href":"http:\/\/www.bastelesel.de\/fr\/wp-json\/wp\/v2\/posts\/5177"}],"collection":[{"href":"http:\/\/www.bastelesel.de\/fr\/wp-json\/wp\/v2\/posts"}],"about":[{"href":"http:\/\/www.bastelesel.de\/fr\/wp-json\/wp\/v2\/types\/post"}],"author":[{"embeddable":true,"href":"http:\/\/www.bastelesel.de\/fr\/wp-json\/wp\/v2\/users\/1"}],"replies":[{"embeddable":true,"href":"http:\/\/www.bastelesel.de\/fr\/wp-json\/wp\/v2\/comments?post=5177"}],"version-history":[{"count":6,"href":"http:\/\/www.bastelesel.de\/fr\/wp-json\/wp\/v2\/posts\/5177\/revisions"}],"predecessor-version":[{"id":5185,"href":"http:\/\/www.bastelesel.de\/fr\/wp-json\/wp\/v2\/posts\/5177\/revisions\/5185"}],"wp:attachment":[{"href":"http:\/\/www.bastelesel.de\/fr\/wp-json\/wp\/v2\/media?parent=5177"}],"wp:term":[{"taxonomy":"category","embeddable":true,"href":"http:\/\/www.bastelesel.de\/fr\/wp-json\/wp\/v2\/categories?post=5177"},{"taxonomy":"post_tag","embeddable":true,"href":"http:\/\/www.bastelesel.de\/fr\/wp-json\/wp\/v2\/tags?post=5177"}],"curies":[{"name":"wp","href":"https:\/\/api.w.org\/{rel}","templated":true}]}}