{"id":5145,"date":"2014-11-04T22:11:18","date_gmt":"2014-11-04T20:11:18","guid":{"rendered":"http:\/\/www.bastelesel.de\/?p=5145"},"modified":"2014-12-28T19:09:56","modified_gmt":"2014-12-28T17:09:56","slug":"adventsvorbereitungen","status":"publish","type":"post","link":"http:\/\/www.bastelesel.de\/fr\/adventsvorbereitungen\/","title":{"rendered":"Pr\u00e9parations de l&rsquo;avent"},"content":{"rendered":"<p><\/p>\n<p style=\"text-align: center;\"><a href=\"http:\/\/www.bastelesel.de\/adventsvorbereitungen\/teabox1\/\" rel=\"attachment wp-att-5146\"><img decoding=\"async\" loading=\"lazy\" class=\"alignnone size-medium wp-image-5146\" alt=\"Teabox1\" src=\"http:\/\/www.bastelesel.de\/wp-content\/uploads\/2014\/11\/Teabox1-400x300.jpg\" height=\"300\" width=\"400\" srcset=\"http:\/\/www.bastelesel.de\/wp-content\/uploads\/2014\/11\/Teabox1-400x300.jpg 400w, http:\/\/www.bastelesel.de\/wp-content\/uploads\/2014\/11\/Teabox1.jpg 800w\" sizes=\"(max-width: 400px) 100vw, 400px\" \/><\/a><\/p>\n<p style=\"text-align: left;\">Les temp\u00e9ratures nous emp\u00eachent de penser aux jours de No\u00ebl mais jusqu&rsquo;au 1er D\u00e9cembre il ne nous reste qu&rsquo;un peu plus de trois semaines. Alors vous \u00eates bien avis\u00e9s de penser d\u00e9j\u00e0 maintenant \u00e0 la r\u00e9alisation de votre calendrier de l&rsquo;avent. Ecrivez le mot-cl\u00e9 \u00ab\u00a0advent calendar\u00a0\u00bb dans le champ de recherche et vous trouverez mes propositions de l&rsquo;ann\u00e9e derni\u00e8re. (D\u00e9sol\u00e9 mais actuellement seulement disponible en allemand ou en anglais) Cette ann\u00e9e je montrerai de nouveaux calendriers et aussi des propositions pour quelques petites bo\u00eetes et cadeaux. Aujourd&rsquo;hui ce sera un petit \u00ab\u00a0carnet\u00a0\u00bb contenant un petit chocolat, un sachet de th\u00e9, un billet ou un bon d&rsquo;achat. Pour les r\u00e9aliser il vous faut seulement du papier No\u00ebl cartonn\u00e9, des chiffres adh\u00e9sifs de 1-24 et des rubans ou des autocollants pour la fermeture du carnet. Imprimez le <a href=\"http:\/\/www.bastelesel.de\/wp-content\/uploads\/2014\/11\/Teabox.pdf\" target=\"_blank\">gabarit<\/a>, dessinez-le sur votre papier et pliez comme marqu\u00e9. Relevez les deux \u00e9clisses et collez-les aux deux c\u00f4t\u00e9s. (Le carnet vert est un restant de l&rsquo;ann\u00e9e derni\u00e8re ou j&rsquo;ai mis une seule \u00e9clisse pour y mettre un bon d&rsquo;achat.) Pour fermer le carnet \u00e0 l&rsquo;aide d&rsquo;un ruban coupez une encoche sur les deux pages. Remplissez-le, fermez-le et collez votre chiffre adh\u00e9sif.<br \/>\nVous pouvez tr\u00e8s bien utiliser ces petits carnets pour d&rsquo;autres occasions. Dans ce cas d\u00e9corez-le avec des ornements diff\u00e9rents et offrez-le avec une petite fleur.<\/p>\n<p style=\"text-align: left;\"><a href=\"http:\/\/www.bastelesel.de\/adventsvorbereitungen\/teabox2\/\" rel=\"attachment wp-att-5150\"><img decoding=\"async\" loading=\"lazy\" class=\"size-medium wp-image-5150 aligncenter\" alt=\"Teabox2\" src=\"http:\/\/www.bastelesel.de\/wp-content\/uploads\/2014\/11\/Teabox2-400x300.jpg\" height=\"300\" width=\"400\" srcset=\"http:\/\/www.bastelesel.de\/wp-content\/uploads\/2014\/11\/Teabox2-400x300.jpg 400w, http:\/\/www.bastelesel.de\/wp-content\/uploads\/2014\/11\/Teabox2.jpg 800w\" sizes=\"(max-width: 400px) 100vw, 400px\" \/><\/a><\/p>\n<p style=\"text-align: left;\">\u00a0<\/p>\n<p style=\"text-align: left;\">\u00a0<\/p>\n<p><\/p>","protected":false},"excerpt":{"rendered":"<p>Les temp\u00e9ratures nous emp\u00eachent de penser aux jours de No\u00ebl mais jusqu&rsquo;au 1er D\u00e9cembre il ne nous reste qu&rsquo;un peu plus de trois semaines. Alors vous \u00eates bien avis\u00e9s de penser d\u00e9j\u00e0 maintenant \u00e0 la r\u00e9alisation de votre calendrier de l&rsquo;avent. Ecrivez le mot-cl\u00e9 \u00ab\u00a0advent calendar\u00a0\u00bb dans le champ de recherche et vous trouverez mes [&hellip;]<\/p>\n","protected":false},"author":1,"featured_media":0,"comment_status":"open","ping_status":"open","sticky":false,"template":"","format":"standard","meta":{"ngg_post_thumbnail":0},"categories":[49],"tags":[],"_links":{"self":[{"href":"http:\/\/www.bastelesel.de\/fr\/wp-json\/wp\/v2\/posts\/5145"}],"collection":[{"href":"http:\/\/www.bastelesel.de\/fr\/wp-json\/wp\/v2\/posts"}],"about":[{"href":"http:\/\/www.bastelesel.de\/fr\/wp-json\/wp\/v2\/types\/post"}],"author":[{"embeddable":true,"href":"http:\/\/www.bastelesel.de\/fr\/wp-json\/wp\/v2\/users\/1"}],"replies":[{"embeddable":true,"href":"http:\/\/www.bastelesel.de\/fr\/wp-json\/wp\/v2\/comments?post=5145"}],"version-history":[{"count":11,"href":"http:\/\/www.bastelesel.de\/fr\/wp-json\/wp\/v2\/posts\/5145\/revisions"}],"predecessor-version":[{"id":5161,"href":"http:\/\/www.bastelesel.de\/fr\/wp-json\/wp\/v2\/posts\/5145\/revisions\/5161"}],"wp:attachment":[{"href":"http:\/\/www.bastelesel.de\/fr\/wp-json\/wp\/v2\/media?parent=5145"}],"wp:term":[{"taxonomy":"category","embeddable":true,"href":"http:\/\/www.bastelesel.de\/fr\/wp-json\/wp\/v2\/categories?post=5145"},{"taxonomy":"post_tag","embeddable":true,"href":"http:\/\/www.bastelesel.de\/fr\/wp-json\/wp\/v2\/tags?post=5145"}],"curies":[{"name":"wp","href":"https:\/\/api.w.org\/{rel}","templated":true}]}}