{"id":3994,"date":"2014-03-15T15:00:33","date_gmt":"2014-03-15T13:00:33","guid":{"rendered":"http:\/\/www.bastelesel.de\/?p=3994"},"modified":"2014-03-14T22:58:40","modified_gmt":"2014-03-14T20:58:40","slug":"baumstamm-reloaded","status":"publish","type":"post","link":"http:\/\/www.bastelesel.de\/fr\/baumstamm-reloaded\/","title":{"rendered":"Tronc repris"},"content":{"rendered":"<p><a href=\"http:\/\/www.bastelesel.de\/?attachment_id=3996\" rel=\"attachment wp-att-3996\"><img decoding=\"async\" loading=\"lazy\" class=\" wp-image-3996 alignleft\" alt=\"Herbststamm1a\" src=\"http:\/\/www.bastelesel.de\/wp-content\/uploads\/2014\/03\/Herbststamm1a-200x300.jpg\" height=\"240\" width=\"160\" srcset=\"http:\/\/www.bastelesel.de\/wp-content\/uploads\/2014\/03\/Herbststamm1a-200x300.jpg 200w, http:\/\/www.bastelesel.de\/wp-content\/uploads\/2014\/03\/Herbststamm1a.jpg 400w\" sizes=\"(max-width: 160px) 100vw, 160px\" \/><\/a>En automne j&rsquo;avais mis ce tronc devant la porte. Ensuite un bonhomme de neige prenait sa place. Celui a disparu dans la cave au moment des premiers rayons de soleil. Pour le d\u00e9but du printemps je voulais de nouveau sortir le tronc. Il y a assez de mousse fra\u00eeche dans notre jardin et il me rest encore un ruban feutre d&rsquo;un jaune \u00e9tincelant. Le petit c\u0153ur en bois a le droit de rester mais je laisse estiver la bougie et les pommes de pin. Maintenant une pens\u00e9e jaune dans un pot de fleur orange compl\u00e8te l&rsquo;ensemble.<\/p>\n<p><a href=\"http:\/\/www.bastelesel.de\/?attachment_id=3995\" rel=\"attachment wp-att-3995\"><img decoding=\"async\" loading=\"lazy\" class=\"alignleft\" alt=\"Fruehlingsstamm\" src=\"http:\/\/www.bastelesel.de\/wp-content\/uploads\/2014\/03\/Fruehlingsstamm-224x300.jpg\" height=\"216\" width=\"161\"><\/a>Les couleurs vives vont saluer tous nos visiteurs et actuellement elles rivalisent avec les rayons de soleil.<br \/>\nCela vaut la peine de demander \u00e0 l&rsquo;administration des eaux et for\u00eats local s&rsquo;il y la possibilit\u00e9 d&rsquo;acheter un tronc pareil. Il s&rsquo;offre pour toute sorte de d\u00e9coration insolite et individuelle.<\/p>","protected":false},"excerpt":{"rendered":"<p>En automne j&rsquo;avais mis ce tronc devant la porte. Ensuite un bonhomme de neige prenait sa place. Celui a disparu dans la cave au moment des premiers rayons de soleil. Pour le d\u00e9but du printemps je voulais de nouveau sortir le tronc. Il y a assez de mousse fra\u00eeche dans notre jardin et il me [&hellip;]<\/p>\n","protected":false},"author":1,"featured_media":0,"comment_status":"open","ping_status":"open","sticky":false,"template":"","format":"standard","meta":{"ngg_post_thumbnail":0},"categories":[1],"tags":[],"_links":{"self":[{"href":"http:\/\/www.bastelesel.de\/fr\/wp-json\/wp\/v2\/posts\/3994"}],"collection":[{"href":"http:\/\/www.bastelesel.de\/fr\/wp-json\/wp\/v2\/posts"}],"about":[{"href":"http:\/\/www.bastelesel.de\/fr\/wp-json\/wp\/v2\/types\/post"}],"author":[{"embeddable":true,"href":"http:\/\/www.bastelesel.de\/fr\/wp-json\/wp\/v2\/users\/1"}],"replies":[{"embeddable":true,"href":"http:\/\/www.bastelesel.de\/fr\/wp-json\/wp\/v2\/comments?post=3994"}],"version-history":[{"count":8,"href":"http:\/\/www.bastelesel.de\/fr\/wp-json\/wp\/v2\/posts\/3994\/revisions"}],"predecessor-version":[{"id":4004,"href":"http:\/\/www.bastelesel.de\/fr\/wp-json\/wp\/v2\/posts\/3994\/revisions\/4004"}],"wp:attachment":[{"href":"http:\/\/www.bastelesel.de\/fr\/wp-json\/wp\/v2\/media?parent=3994"}],"wp:term":[{"taxonomy":"category","embeddable":true,"href":"http:\/\/www.bastelesel.de\/fr\/wp-json\/wp\/v2\/categories?post=3994"},{"taxonomy":"post_tag","embeddable":true,"href":"http:\/\/www.bastelesel.de\/fr\/wp-json\/wp\/v2\/tags?post=3994"}],"curies":[{"name":"wp","href":"https:\/\/api.w.org\/{rel}","templated":true}]}}