{"id":1904,"date":"2013-09-03T14:12:02","date_gmt":"2013-09-03T12:12:02","guid":{"rendered":"http:\/\/www.bastelesel.de\/?p=1904"},"modified":"2013-09-03T14:12:02","modified_gmt":"2013-09-03T12:12:02","slug":"herbstanfang","status":"publish","type":"post","link":"http:\/\/www.bastelesel.de\/en\/herbstanfang\/","title":{"rendered":"Herbstanfang"},"content":{"rendered":"<p><a href=\"http:\/\/www.bastelesel.de\/wp-content\/uploads\/2013\/09\/Schlauchschal1.jpg\"><img decoding=\"async\" loading=\"lazy\" class=\" wp-image-1906 alignleft\" alt=\"Schlauchschal1\" src=\"http:\/\/www.bastelesel.de\/wp-content\/uploads\/2013\/09\/Schlauchschal1.jpg\" width=\"320\" height=\"240\" srcset=\"http:\/\/www.bastelesel.de\/wp-content\/uploads\/2013\/09\/Schlauchschal1.jpg 400w, http:\/\/www.bastelesel.de\/wp-content\/uploads\/2013\/09\/Schlauchschal1-300x225.jpg 300w\" sizes=\"(max-width: 320px) 100vw, 320px\" \/><\/a>F\u00fcr die Meteorologen hat er schon begonnen, der Herbst. Beim Bastelesel h\u00e4lt sich noch das Sommerfell, aber erste Vorbereitungen f\u00fcr die kalte Jahreszeit sind ja nicht schlecht. Im Netz habe ich einen sch\u00f6nen Beitrag f\u00fcr einen besonders m\u00e4nnertauglichen Schal gefunden. Er war an zwei Abenden gestrickt, ist mollig warm und muss nicht erst umst\u00e4ndlich geknotet werden. Das n\u00e4mlich m\u00f6gen die meisten M\u00e4nner nicht und auch das Drehen eines klassischen Loops ist vielen oft zu m\u00fchsam. Dieser Schal ist eigentlich ein langer Schlauch, den man mit dem Nadelspiel in Runden oder aber mit klassischen Nadeln stricken und dann zusammenn\u00e4hen kann. Ich hatte kein Nadelspiel in passender St\u00e4rke und habe deshalb in Reihen gestrickt. Beim Material habe ich mich f\u00fcr Royal Tweed von<span style=\"color: #ff0000;\"> <a href=\"http:\/\/www.wolleroedel.de\/shop\/de\/dieProdukte\/WolleampZubehoer\/100Wolle\/RoyalTweed50g.html\" target=\"_blank\"><span style=\"color: #ff0000;\">Wolle R\u00f6del<\/span><\/a><\/span> entschieden. Reine Schurwolle, die normalerweise mit Nadelst\u00e4rke 6-7 gestrickt werden soll. Ich habe St\u00e4rke 9 gew\u00e4hlt, damit der Schal noch fluffiger und lockerer wird. Man kann aber auch jede andere weiche Wolle f\u00fcr diesen Schal verwenden. Die erforderliche Maschenzahl muss man dementsprechend anschlagen. Ich habe so viele Maschen angeschlagen, dass der noch offene Schal etwa 58cm breit wurde. In der L\u00e4nge misst der Schal, glatt ausgelegt, 42cm und zusammengeschoben etwa 25cm. Beim Nadelspiel m\u00fcsste man f\u00fcr das Muster immer 4 Runden rechts und 4 Runden links im Wechsel stricken. Bei Hin- und R\u00fcckreihen werden 4 Reihen glatt rechts und 4 Reihen glatt links gestrickt. Die abwechselnde Ausrichtung der rechten Maschen sorgt daf\u00fcr, dass sich der Schal ganz leicht zusammenschieben und raffen l\u00e4sst. Nach 42cm werden alle Maschen dann locker abgekettelt, der Schal, falls nicht in Runden gestrickt, mit dem <span style=\"color: #ff0000;\"><a href=\"http:\/\/www.lanagrossa.de\/service\/stricktipps\/stricktipp_matratzenstich.html\" target=\"_blank\"><span style=\"color: #ff0000;\">Matratzenstich<\/span><\/a><\/span> zusammengef\u00fcgt und die F\u00e4den vern\u00e4ht. Die Tweed-Wolle sollte man vor dem ersten Tragen auf jeden Fall einmal mit Wollwaschmittel waschen, da sie erst dann sch\u00f6n flauschig und weich wird.<br \/>\nEin dekorativer Schal, der ganz ohne M\u00fche den Jacken- oder Mantelausschnitt zudeckt und warm h\u00e4lt.<\/p>\n<p><!-- default-view.php -->\n<div\n\tclass=\"ngg-galleryoverview default-view  ngg-ajax-pagination-none\"\n\tid=\"ngg-gallery-1910-1\">\n\n\t\t<!-- Thumbnails -->\n\t\t\t\t<div id=\"ngg-image-0\" class=\"ngg-gallery-thumbnail-box \" >\n\t\t\t\t        <div class=\"ngg-gallery-thumbnail\">\n            <a href=\"http:\/\/www.bastelesel.de\/wp-content\/gallery\/2013schlauchschal\/schlauchschal2.jpg\"\n               title=\"\"\n               data-src=\"http:\/\/www.bastelesel.de\/wp-content\/gallery\/2013schlauchschal\/schlauchschal2.jpg\"\n               data-thumbnail=\"http:\/\/www.bastelesel.de\/wp-content\/gallery\/2013schlauchschal\/thumbs\/thumbs_schlauchschal2.jpg\"\n               data-image-id=\"433\"\n               data-title=\"schlauchschal2\"\n               data-description=\"\"\n               data-image-slug=\"schlauchschal2\"\n               class='use_imagebrowser_effect' data-imagebrowser-url='http:\/\/www.bastelesel.de\/en\/herbstanfang\/nggallery\/image\/%STUB%'>\n                <img\n                    title=\"schlauchschal2\"\n                    alt=\"schlauchschal2\"\n                    src=\"http:\/\/www.bastelesel.de\/wp-content\/gallery\/2013schlauchschal\/thumbs\/thumbs_schlauchschal2.jpg\"\n                    width=\"100\"\n                    height=\"75\"\n                    style=\"max-width:100%;\"\n                \/>\n            <\/a>\n        <\/div>\n\t\t\t\t\t\t\t<\/div> \n\t\t\t\n\t\t\t\t<div id=\"ngg-image-1\" class=\"ngg-gallery-thumbnail-box \" >\n\t\t\t\t        <div class=\"ngg-gallery-thumbnail\">\n            <a href=\"http:\/\/www.bastelesel.de\/wp-content\/gallery\/2013schlauchschal\/schlauchschal3.jpg\"\n               title=\"\"\n               data-src=\"http:\/\/www.bastelesel.de\/wp-content\/gallery\/2013schlauchschal\/schlauchschal3.jpg\"\n               data-thumbnail=\"http:\/\/www.bastelesel.de\/wp-content\/gallery\/2013schlauchschal\/thumbs\/thumbs_schlauchschal3.jpg\"\n               data-image-id=\"434\"\n               data-title=\"schlauchschal3\"\n               data-description=\"\"\n               data-image-slug=\"schlauchschal3\"\n               class='use_imagebrowser_effect' data-imagebrowser-url='http:\/\/www.bastelesel.de\/en\/herbstanfang\/nggallery\/image\/%STUB%'>\n                <img\n                    title=\"schlauchschal3\"\n                    alt=\"schlauchschal3\"\n                    src=\"http:\/\/www.bastelesel.de\/wp-content\/gallery\/2013schlauchschal\/thumbs\/thumbs_schlauchschal3.jpg\"\n                    width=\"100\"\n                    height=\"75\"\n                    style=\"max-width:100%;\"\n                \/>\n            <\/a>\n        <\/div>\n\t\t\t\t\t\t\t<\/div> \n\t\t\t\n\t\t\t\t<div id=\"ngg-image-2\" class=\"ngg-gallery-thumbnail-box \" >\n\t\t\t\t        <div class=\"ngg-gallery-thumbnail\">\n            <a href=\"http:\/\/www.bastelesel.de\/wp-content\/gallery\/2013schlauchschal\/schlauchschal4.jpg\"\n               title=\"\"\n               data-src=\"http:\/\/www.bastelesel.de\/wp-content\/gallery\/2013schlauchschal\/schlauchschal4.jpg\"\n               data-thumbnail=\"http:\/\/www.bastelesel.de\/wp-content\/gallery\/2013schlauchschal\/thumbs\/thumbs_schlauchschal4.jpg\"\n               data-image-id=\"435\"\n               data-title=\"schlauchschal4\"\n               data-description=\"\"\n               data-image-slug=\"schlauchschal4\"\n               class='use_imagebrowser_effect' data-imagebrowser-url='http:\/\/www.bastelesel.de\/en\/herbstanfang\/nggallery\/image\/%STUB%'>\n                <img\n                    title=\"schlauchschal4\"\n                    alt=\"schlauchschal4\"\n                    src=\"http:\/\/www.bastelesel.de\/wp-content\/gallery\/2013schlauchschal\/thumbs\/thumbs_schlauchschal4.jpg\"\n                    width=\"100\"\n                    height=\"75\"\n                    style=\"max-width:100%;\"\n                \/>\n            <\/a>\n        <\/div>\n\t\t\t\t\t\t\t<\/div> \n\t\t\t\n\t\n\t<br style=\"clear: both\" \/>\n\n\t\n\t\t<!-- Pagination -->\n\t<div class='ngg-clear'><\/div>\t<\/div>\n<\/p>\n","protected":false},"excerpt":{"rendered":"<p>F\u00fcr die Meteorologen hat er schon begonnen, der Herbst. Beim Bastelesel h\u00e4lt sich noch das Sommerfell, aber erste Vorbereitungen f\u00fcr die kalte Jahreszeit sind ja nicht schlecht. Im Netz habe ich einen sch\u00f6nen Beitrag f\u00fcr einen besonders m\u00e4nnertauglichen Schal gefunden. Er war an zwei Abenden gestrickt, ist mollig warm und muss nicht erst umst\u00e4ndlich geknotet [&hellip;]<\/p>\n","protected":false},"author":1,"featured_media":0,"comment_status":"open","ping_status":"open","sticky":false,"template":"","format":"standard","meta":{"ngg_post_thumbnail":0},"categories":[1],"tags":[],"_links":{"self":[{"href":"http:\/\/www.bastelesel.de\/en\/wp-json\/wp\/v2\/posts\/1904"}],"collection":[{"href":"http:\/\/www.bastelesel.de\/en\/wp-json\/wp\/v2\/posts"}],"about":[{"href":"http:\/\/www.bastelesel.de\/en\/wp-json\/wp\/v2\/types\/post"}],"author":[{"embeddable":true,"href":"http:\/\/www.bastelesel.de\/en\/wp-json\/wp\/v2\/users\/1"}],"replies":[{"embeddable":true,"href":"http:\/\/www.bastelesel.de\/en\/wp-json\/wp\/v2\/comments?post=1904"}],"version-history":[{"count":7,"href":"http:\/\/www.bastelesel.de\/en\/wp-json\/wp\/v2\/posts\/1904\/revisions"}],"predecessor-version":[{"id":1913,"href":"http:\/\/www.bastelesel.de\/en\/wp-json\/wp\/v2\/posts\/1904\/revisions\/1913"}],"wp:attachment":[{"href":"http:\/\/www.bastelesel.de\/en\/wp-json\/wp\/v2\/media?parent=1904"}],"wp:term":[{"taxonomy":"category","embeddable":true,"href":"http:\/\/www.bastelesel.de\/en\/wp-json\/wp\/v2\/categories?post=1904"},{"taxonomy":"post_tag","embeddable":true,"href":"http:\/\/www.bastelesel.de\/en\/wp-json\/wp\/v2\/tags?post=1904"}],"curies":[{"name":"wp","href":"https:\/\/api.w.org\/{rel}","templated":true}]}}